{"id":4545,"date":"2024-03-20T16:06:30","date_gmt":"2024-03-20T16:06:30","guid":{"rendered":"https:\/\/www.wordans.com\/blog\/?p=4545"},"modified":"2024-09-10T09:23:38","modified_gmt":"2024-09-10T09:23:38","slug":"parliamo-con-flors-laia","status":"publish","type":"post","link":"https:\/\/www.wordans.com\/blog\/it\/parliamo-con-flors-laia\/","title":{"rendered":"Storie di successo: Parliamo Con Flors Laia"},"content":{"rendered":"\t\t<div data-elementor-type=\"wp-post\" data-elementor-id=\"4545\" class=\"elementor elementor-4545\" data-elementor-post-type=\"post\">\n\t\t\t\t\t\t<section class=\"elementor-section elementor-top-section elementor-element elementor-element-a893633 elementor-section-boxed elementor-section-height-default elementor-section-height-default\" data-id=\"a893633\" data-element_type=\"section\">\n\t\t\t\t\t\t<div class=\"elementor-container elementor-column-gap-default\">\n\t\t\t\t\t<div class=\"elementor-column elementor-col-100 elementor-top-column elementor-element elementor-element-e96d47a\" data-id=\"e96d47a\" data-element_type=\"column\">\n\t\t\t<div class=\"elementor-widget-wrap elementor-element-populated\">\n\t\t\t\t\t\t<div class=\"elementor-element elementor-element-86ea8cd elementor-widget elementor-widget-text-editor\" data-id=\"86ea8cd\" data-element_type=\"widget\" data-widget_type=\"text-editor.default\">\n\t\t\t\t<div class=\"elementor-widget-container\">\n\t\t\t\t\t\t\t\t\t<p><span style=\"font-weight: 400;\">Flors Laia \u00e8 un piccolo fiorista e fiorista nella periferia di Barcellona, \u200b\u200bvicino alle colline a nord della citt\u00e0. Abbiamo incontrato Montse, uno dei proprietari, per lavorare su come fare affari e avere un consulente per un giovane imprenditore.<\/span><\/p><p>\u00a0<\/p><p><span style=\"font-weight: 400;\">L&#8217;attivit\u00e0 \u00e8 iniziata pi\u00f9 di 10 anni fa, con il marito Eudal. Il nome combina la lingua catalana che significa &#8220;fiori&#8221; con il nome di sua figlia, Laia. \u00c8 stato un momento difficile della tua vita e recentemente avevo gi\u00e0 un lavoro d&#8217;ufficio. Cos\u00ec ho deciso di iniziare qualcosa di completamente nuovo.<\/span><\/p>\t\t\t\t\t\t\t\t<\/div>\n\t\t\t\t<\/div>\n\t\t\t\t<div class=\"elementor-element elementor-element-05ebbcd elementor-widget elementor-widget-image\" data-id=\"05ebbcd\" data-element_type=\"widget\" data-widget_type=\"image.default\">\n\t\t\t\t<div class=\"elementor-widget-container\">\n\t\t\t\t\t\t\t\t\t\t\t\t\t\t\t<img fetchpriority=\"high\" decoding=\"async\" width=\"448\" height=\"644\" src=\"https:\/\/www.wordans.com\/blog\/wp-content\/uploads\/2024\/03\/Screenshot-2024-03-12-154838.png\" class=\"attachment-large size-large wp-image-4366\" alt=\"Montse stands proudly next to the wares of her store\" srcset=\"https:\/\/www.wordans.com\/blog\/wp-content\/uploads\/2024\/03\/Screenshot-2024-03-12-154838.png 448w, https:\/\/www.wordans.com\/blog\/wp-content\/uploads\/2024\/03\/Screenshot-2024-03-12-154838-209x300.png 209w\" sizes=\"(max-width: 448px) 100vw, 448px\" \/>\t\t\t\t\t\t\t\t\t\t\t\t\t\t\t<\/div>\n\t\t\t\t<\/div>\n\t\t\t\t<div class=\"elementor-element elementor-element-67157db elementor-widget elementor-widget-text-editor\" data-id=\"67157db\" data-element_type=\"widget\" data-widget_type=\"text-editor.default\">\n\t\t\t\t<div class=\"elementor-widget-container\">\n\t\t\t\t\t\t\t\t\t<h3>Come e perch\u00e9 avviare la tua attivit\u00e0?<\/h3><p>Ho avuto una fase nella mia vita, chi gi\u00e0 svolgeva un lavoro d&#8217;ufficio e molti e chi vuole intraprendere una nuova fase.<\/p><h3>Qual \u00e8 la cosa pi\u00f9 difficile da fare?<\/h3><p>La cosa pi\u00f9 difficile nel farlo \u00e8 l\u2019insicurezza che si prova al riguardo, il che significa che non abbiamo mai pensato di farlo.<\/p><h3>Perch\u00e9 sono questi i fattori chiave che ti motivano a fare trading oggi?<\/h3><p>Fu\u00e9, il mio compagno di lavoro, il mio amico, che era quindi il mio compagno, che mi ha animato ed estuvo et est\u00e1, in tutto questo momento. Confermare che l&#8217;uno senza l&#8217;altro, per il lavoro, se non lavoriamo insieme, NON FUNZIONA. Uno ha portato una cosa e un altro, un altro.<\/p><h3>Quanto \u00e8 importante la visibilit\u00e0 e l&#8217;esposizione di Flors Laia?<\/h3><p>\u00c8 molto importante. Intendiamo mantenere i dettagli al minimo.<\/p><h3>In che modo pensi che le tue uniformi con logo personalizzato aiuteranno la tua attivit\u00e0?<\/h3><p>Abbiamo tempo per uniformarci e garantire la sicurezza dei clienti che hanno pi\u00f9 fiducia in noi e nel nostro aspetto di maggiore seriet\u00e0, che se non llev\u00e1semos.<\/p><h3>A parte le uniformi, quali sono i modi e le forme pi\u00f9 importanti per promuovere la tua attivit\u00e0?<\/h3><p>Informandoti costantemente di nuovi prodotti, l&#8217;attualizzazione del tuo immobile dipende dalla domanda e non potrai spostare l&#8217;immobile (modifiche di estanterie, tavoli, ecc.).<\/p><h3>Quali sono i tuoi metas per la tua attivit\u00e0?<\/h3><p>Mio figlio Metas, piazza corta e grande, che abbiamo migliorato giorno dopo giorno, per migliorare la redditivit\u00e0 dell&#8217;azienda.<\/p><h3>Che consigli daresti ai nuovi imprenditori (nel tuo settore e in generale)?<\/h3><p>Que tengan paciencia, que sean costanti et quel giorno al giorno stiamo imparando tutti.<\/p>\t\t\t\t\t\t\t\t<\/div>\n\t\t\t\t<\/div>\n\t\t\t\t<div class=\"elementor-element elementor-element-b9e9cef elementor-widget elementor-widget-image\" data-id=\"b9e9cef\" data-element_type=\"widget\" data-widget_type=\"image.default\">\n\t\t\t\t<div class=\"elementor-widget-container\">\n\t\t\t\t\t\t\t\t\t\t\t\t\t\t\t<img decoding=\"async\" width=\"770\" height=\"477\" src=\"https:\/\/www.wordans.com\/blog\/wp-content\/uploads\/2024\/03\/IMG_2821-1024x634.jpg\" class=\"attachment-large size-large wp-image-4373\" alt=\"\" srcset=\"https:\/\/www.wordans.com\/blog\/wp-content\/uploads\/2024\/03\/IMG_2821-1024x634.jpg 1024w, https:\/\/www.wordans.com\/blog\/wp-content\/uploads\/2024\/03\/IMG_2821-300x186.jpg 300w, https:\/\/www.wordans.com\/blog\/wp-content\/uploads\/2024\/03\/IMG_2821-768x476.jpg 768w, https:\/\/www.wordans.com\/blog\/wp-content\/uploads\/2024\/03\/IMG_2821-1536x951.jpg 1536w, https:\/\/www.wordans.com\/blog\/wp-content\/uploads\/2024\/03\/IMG_2821-2048x1268.jpg 2048w, https:\/\/www.wordans.com\/blog\/wp-content\/uploads\/2024\/03\/IMG_2821-600x372.jpg 600w\" sizes=\"(max-width: 770px) 100vw, 770px\" \/>\t\t\t\t\t\t\t\t\t\t\t\t\t\t\t<\/div>\n\t\t\t\t<\/div>\n\t\t\t\t<div class=\"elementor-element elementor-element-58d8f55 elementor-widget elementor-widget-text-editor\" data-id=\"58d8f55\" data-element_type=\"widget\" data-widget_type=\"text-editor.default\">\n\t\t\t\t<div class=\"elementor-widget-container\">\n\t\t\t\t\t\t\t\t\t<p><em>Se sei ispirato dalla storia di Flors Laia e desideri avere un investimento personalizzato per la tua attivit\u00e0, visita il nostro sito Web per esplorare le nostre opzioni di personalizzazione e prezzo. Offriamo vari metodi per stampare il marchio della tua azienda sul nostro vestito in bianco. Puoi anche trovare ulteriore ispirazione sulla nostra pagina Instagram <a href=\"http:\/\/instagram.com\/wearewordans\">@wearewordans<\/a>.<\/em><\/p>\t\t\t\t\t\t\t\t<\/div>\n\t\t\t\t<\/div>\n\t\t\t\t<div class=\"elementor-element elementor-element-3777a3e elementor-align-center elementor-widget elementor-widget-button\" data-id=\"3777a3e\" data-element_type=\"widget\" data-widget_type=\"button.default\">\n\t\t\t\t<div class=\"elementor-widget-container\">\n\t\t\t\t\t\t\t\t\t<div class=\"elementor-button-wrapper\">\n\t\t\t\t\t<a class=\"elementor-button elementor-button-link elementor-size-md\" href=\"http:\/\/www.wordans.com\/blank-apparel-accessories-c37029\/workwear-s16558\">\n\t\t\t\t\t\t<span class=\"elementor-button-content-wrapper\">\n\t\t\t\t\t\t\t\t\t<span class=\"elementor-button-text\">Crea la tua uniforme!<\/span>\n\t\t\t\t\t<\/span>\n\t\t\t\t\t<\/a>\n\t\t\t\t<\/div>\n\t\t\t\t\t\t\t\t<\/div>\n\t\t\t\t<\/div>\n\t\t\t\t\t<\/div>\n\t\t<\/div>\n\t\t\t\t\t<\/div>\n\t\t<\/section>\n\t\t\t\t<\/div>\n\t\t","protected":false},"excerpt":{"rendered":"<p>Flors Laia \u00e8 un piccolo fiorista e fiorista nella periferia di Barcellona, \u200b\u200bvicino alle colline a nord della citt\u00e0. Abbiamo incontrato Montse, uno dei proprietari, per lavorare su come fare affari e avere un consulente per un giovane imprenditore. \u00a0 L&#8217;attivit\u00e0 \u00e8 iniziata pi\u00f9 di 10 anni fa, con il marito Eudal. Il nome combina [&hellip;]<\/p>\n","protected":false},"author":1,"featured_media":4340,"comment_status":"closed","ping_status":"closed","sticky":false,"template":"","format":"standard","meta":{"footnotes":""},"categories":[685],"tags":[],"class_list":["post-4545","post","type-post","status-publish","format-standard","has-post-thumbnail","hentry","category-storie-di-successo"],"_links":{"self":[{"href":"https:\/\/www.wordans.com\/blog\/wp-json\/wp\/v2\/posts\/4545","targetHints":{"allow":["GET"]}}],"collection":[{"href":"https:\/\/www.wordans.com\/blog\/wp-json\/wp\/v2\/posts"}],"about":[{"href":"https:\/\/www.wordans.com\/blog\/wp-json\/wp\/v2\/types\/post"}],"author":[{"embeddable":true,"href":"https:\/\/www.wordans.com\/blog\/wp-json\/wp\/v2\/users\/1"}],"replies":[{"embeddable":true,"href":"https:\/\/www.wordans.com\/blog\/wp-json\/wp\/v2\/comments?post=4545"}],"version-history":[{"count":5,"href":"https:\/\/www.wordans.com\/blog\/wp-json\/wp\/v2\/posts\/4545\/revisions"}],"predecessor-version":[{"id":5001,"href":"https:\/\/www.wordans.com\/blog\/wp-json\/wp\/v2\/posts\/4545\/revisions\/5001"}],"wp:featuredmedia":[{"embeddable":true,"href":"https:\/\/www.wordans.com\/blog\/wp-json\/wp\/v2\/media\/4340"}],"wp:attachment":[{"href":"https:\/\/www.wordans.com\/blog\/wp-json\/wp\/v2\/media?parent=4545"}],"wp:term":[{"taxonomy":"category","embeddable":true,"href":"https:\/\/www.wordans.com\/blog\/wp-json\/wp\/v2\/categories?post=4545"},{"taxonomy":"post_tag","embeddable":true,"href":"https:\/\/www.wordans.com\/blog\/wp-json\/wp\/v2\/tags?post=4545"}],"curies":[{"name":"wp","href":"https:\/\/api.w.org\/{rel}","templated":true}]}}