{"id":5705,"date":"2024-06-03T14:15:17","date_gmt":"2024-06-03T14:15:17","guid":{"rendered":"https:\/\/www.wordans.com\/blog\/?p=5705"},"modified":"2025-04-14T12:48:45","modified_gmt":"2025-04-14T12:48:45","slug":"come-vestirsi-per-pride","status":"publish","type":"post","link":"https:\/\/www.wordans.com\/blog\/it\/come-vestirsi-per-pride\/","title":{"rendered":"Come vestirsi per il Pride"},"content":{"rendered":"\t\t<div data-elementor-type=\"wp-post\" data-elementor-id=\"5705\" class=\"elementor elementor-5705\" data-elementor-post-type=\"post\">\n\t\t\t\t\t\t<section class=\"elementor-section elementor-top-section elementor-element elementor-element-375a052 elementor-section-boxed elementor-section-height-default elementor-section-height-default\" data-id=\"375a052\" data-element_type=\"section\">\n\t\t\t\t\t\t<div class=\"elementor-container elementor-column-gap-default\">\n\t\t\t\t\t<div class=\"elementor-column elementor-col-100 elementor-top-column elementor-element elementor-element-2d1a342\" data-id=\"2d1a342\" data-element_type=\"column\">\n\t\t\t<div class=\"elementor-widget-wrap elementor-element-populated\">\n\t\t\t\t\t\t<div class=\"elementor-element elementor-element-8bf7df1 elementor-widget elementor-widget-text-editor\" data-id=\"8bf7df1\" data-element_type=\"widget\" data-widget_type=\"text-editor.default\">\n\t\t\t\t<div class=\"elementor-widget-container\">\n\t\t\t\t\t\t\t\t\t<p><span style=\"font-weight: 400;\">Le citt\u00e0 di tutto il mondo si stanno preparando per una delle celebrazioni pi\u00f9 vivaci e colorate dell&#8217;anno: il Pride. Paesi europei come Germania, Spagna e Regno Unito hanno citt\u00e0 che festeggiano a giugno, cos\u00ec come Australia, Brasile e Stati Uniti, dove tutto ha avuto inizio.<\/span><\/p><p><span style=\"font-weight: 400;\">Le prime marce del Pride si sono svolte un anno dopo i moti di Stonewall a New York, nel giugno 1969. Da allora si sono evolute in una commemorazione dei diritti LGBTQ+, un simbolo di visibilit\u00e0 e una gioiosa manifestazione di diversit\u00e0. Durante questo mese, i paesi si uniscono in solidariet\u00e0, organizzando parate, feste e altri eventi per onorare il cammino della comunit\u00e0 verso l&#8217;uguaglianza e rendere omaggio a coloro che hanno lottato per renderlo possibile.<\/span><\/p>\t\t\t\t\t\t\t\t<\/div>\n\t\t\t\t<\/div>\n\t\t\t\t<div class=\"elementor-element elementor-element-5ac3cdf elementor-widget elementor-widget-image\" data-id=\"5ac3cdf\" data-element_type=\"widget\" data-widget_type=\"image.default\">\n\t\t\t\t<div class=\"elementor-widget-container\">\n\t\t\t\t\t\t\t\t\t\t\t\t\t\t\t<img fetchpriority=\"high\" decoding=\"async\" width=\"770\" height=\"458\" src=\"https:\/\/www.wordans.com\/blog\/wp-content\/uploads\/2024\/05\/34353249603_c846f0841e_o-2-e1715610098282-1024x609.jpg\" class=\"attachment-large size-large wp-image-5449\" alt=\"People marching while carrying balloon structures which spell &quot;pride&quot;\" srcset=\"https:\/\/www.wordans.com\/blog\/wp-content\/uploads\/2024\/05\/34353249603_c846f0841e_o-2-e1715610098282-1024x609.jpg 1024w, https:\/\/www.wordans.com\/blog\/wp-content\/uploads\/2024\/05\/34353249603_c846f0841e_o-2-e1715610098282-300x179.jpg 300w, https:\/\/www.wordans.com\/blog\/wp-content\/uploads\/2024\/05\/34353249603_c846f0841e_o-2-e1715610098282-768x457.jpg 768w, https:\/\/www.wordans.com\/blog\/wp-content\/uploads\/2024\/05\/34353249603_c846f0841e_o-2-e1715610098282-600x357.jpg 600w, https:\/\/www.wordans.com\/blog\/wp-content\/uploads\/2024\/05\/34353249603_c846f0841e_o-2-e1715610098282.jpg 1200w\" sizes=\"(max-width: 770px) 100vw, 770px\" \/>\t\t\t\t\t\t\t\t\t\t\t\t\t\t\t<\/div>\n\t\t\t\t<\/div>\n\t\t\t\t<div class=\"elementor-element elementor-element-e6ee603 elementor-widget elementor-widget-heading\" data-id=\"e6ee603\" data-element_type=\"widget\" data-widget_type=\"heading.default\">\n\t\t\t\t<div class=\"elementor-widget-container\">\n\t\t\t\t\t<h2 class=\"elementor-heading-title elementor-size-default\">Quindi, cosa dovrei indossare?<\/h2>\t\t\t\t<\/div>\n\t\t\t\t<\/div>\n\t\t\t\t<div class=\"elementor-element elementor-element-5f4fd76 elementor-widget elementor-widget-text-editor\" data-id=\"5f4fd76\" data-element_type=\"widget\" data-widget_type=\"text-editor.default\">\n\t\t\t\t<div class=\"elementor-widget-container\">\n\t\t\t\t\t\t\t\t\t<p><span style=\"font-weight: 400;\">Decidere come vestirsi per il Pride \u00e8 pi\u00f9 facile per alcuni che per altri. L&#8217;evento si chiama Pride, e molte persone LGBTQ+ delle culture occidentali si sono sentite a lungo a proprio agio nell&#8217;essere orgogliose di chi sono. Altri hanno un&#8217;esperienza diversa: ogni anno molte persone partecipano al loro primo Pride e alcune vivono ancora con repressione.<\/span><\/p><p><span style=\"font-weight: 400;\">Regola numero uno: non c&#8217;\u00e8 pressione per nessuno di indossare qualcosa che li faccia sentire a disagio. Vesti come vuoi, questo \u00e8 il punto, ma se c&#8217;\u00e8 qualcosa che vuoi indossare e di solito non ne hai la possibilit\u00e0, ora \u00e8 il momento. Ecco 5 approcci diversi che puoi prendere quando scegli <a href=\"https:\/\/www.wordans.it\/select\/pride-merch\/blank-apparel-accessories-c37029\" target=\"_blank\" rel=\"noopener\">il tuo abbigliamento per le festivit\u00e0 del Pride<\/a>:<\/span><\/p>\t\t\t\t\t\t\t\t<\/div>\n\t\t\t\t<\/div>\n\t\t\t\t\t<\/div>\n\t\t<\/div>\n\t\t\t\t\t<\/div>\n\t\t<\/section>\n\t\t\t\t<section class=\"elementor-section elementor-top-section elementor-element elementor-element-666d65b elementor-section-boxed elementor-section-height-default elementor-section-height-default\" data-id=\"666d65b\" data-element_type=\"section\">\n\t\t\t\t\t\t<div class=\"elementor-container elementor-column-gap-default\">\n\t\t\t\t\t<div class=\"elementor-column elementor-col-100 elementor-top-column elementor-element elementor-element-093a68a\" data-id=\"093a68a\" data-element_type=\"column\">\n\t\t\t<div class=\"elementor-widget-wrap elementor-element-populated\">\n\t\t\t\t\t\t<div class=\"elementor-element elementor-element-417280f elementor-widget elementor-widget-heading\" data-id=\"417280f\" data-element_type=\"widget\" data-widget_type=\"heading.default\">\n\t\t\t\t<div class=\"elementor-widget-container\">\n\t\t\t\t\t<h2 class=\"elementor-heading-title elementor-size-default\">1. Vesti per l'estate<\/h2>\t\t\t\t<\/div>\n\t\t\t\t<\/div>\n\t\t\t\t<div class=\"elementor-element elementor-element-56849eb elementor-widget elementor-widget-text-editor\" data-id=\"56849eb\" data-element_type=\"widget\" data-widget_type=\"text-editor.default\">\n\t\t\t\t<div class=\"elementor-widget-container\">\n\t\t\t\t\t\t\t\t\t<p><span style=\"font-weight: 400;\">Giugno non \u00e8 solo il mese del Pride, \u00e8 anche l&#8217;inizio dell&#8217;estate. Per molte persone, vestirsi per il Pride non riguarda fare dichiarazioni o essere stravaganti, ma accogliere l&#8217;estate e fare festa. Anche se non stiamo comprando qualcosa solo per il Pride, \u00e8 un bel momento dell&#8217;anno per fare shopping e trovare qualcosa di nuovo, che ci metta di buon umore per divertirci.<\/span><\/p><p><span style=\"font-weight: 400;\">Pensa a t-shirt di cotone traspirante, canotte, gonne fluide, shorts e sandali. Aggiungi un po&#8217; di colore e mostra un po&#8217; di pelle se vuoi, ma non \u00e8 necessario andare oltre ci\u00f2 che desideri. Mantieniti fresco, sicuro e unisciti al divertimento.<\/span><\/p>\t\t\t\t\t\t\t\t<\/div>\n\t\t\t\t<\/div>\n\t\t\t\t<div class=\"elementor-element elementor-element-6dcbda1 elementor-widget elementor-widget-image\" data-id=\"6dcbda1\" data-element_type=\"widget\" data-widget_type=\"image.default\">\n\t\t\t\t<div class=\"elementor-widget-container\">\n\t\t\t\t\t\t\t\t\t\t\t\t\t\t\t<img decoding=\"async\" width=\"770\" height=\"514\" src=\"https:\/\/www.wordans.com\/blog\/wp-content\/uploads\/2024\/05\/48611925528_ac3fb5118c_k-1-1024x684.jpg\" class=\"attachment-large size-large wp-image-5446\" alt=\"A woman smiling in a summer outfit and rainbow headband\" srcset=\"https:\/\/www.wordans.com\/blog\/wp-content\/uploads\/2024\/05\/48611925528_ac3fb5118c_k-1-1024x684.jpg 1024w, https:\/\/www.wordans.com\/blog\/wp-content\/uploads\/2024\/05\/48611925528_ac3fb5118c_k-1-300x200.jpg 300w, https:\/\/www.wordans.com\/blog\/wp-content\/uploads\/2024\/05\/48611925528_ac3fb5118c_k-1-768x513.jpg 768w, https:\/\/www.wordans.com\/blog\/wp-content\/uploads\/2024\/05\/48611925528_ac3fb5118c_k-1-600x401.jpg 600w, https:\/\/www.wordans.com\/blog\/wp-content\/uploads\/2024\/05\/48611925528_ac3fb5118c_k-1.jpg 1200w\" sizes=\"(max-width: 770px) 100vw, 770px\" \/>\t\t\t\t\t\t\t\t\t\t\t\t\t\t\t<\/div>\n\t\t\t\t<\/div>\n\t\t\t\t<div class=\"elementor-element elementor-element-9501f74 elementor-widget elementor-widget-heading\" data-id=\"9501f74\" data-element_type=\"widget\" data-widget_type=\"heading.default\">\n\t\t\t\t<div class=\"elementor-widget-container\">\n\t\t\t\t\t<h2 class=\"elementor-heading-title elementor-size-default\">2. Portalo al limite<\/h2>\t\t\t\t<\/div>\n\t\t\t\t<\/div>\n\t\t\t\t<div class=\"elementor-element elementor-element-d57a9c8 elementor-widget elementor-widget-text-editor\" data-id=\"d57a9c8\" data-element_type=\"widget\" data-widget_type=\"text-editor.default\">\n\t\t\t\t<div class=\"elementor-widget-container\">\n\t\t\t\t\t\t\t\t\t<p><span style=\"font-weight: 400;\">Per alcuni, il Pride \u00e8 un momento per spingere i confini e esprimersi liberamente. C&#8217;\u00e8 un momento dell&#8217;anno in cui puoi indossare qualsiasi cosa tu voglia senza giudizio o rimprovero, quindi perch\u00e9 non approfittarne al massimo? Molte persone che si scatenano al Pride dicono che ha aumentato permanentemente la loro fiducia: \u00e8 sicuramente bello vedere che, qualunque sia il tuo stile, ci sono altri l\u00e0 fuori che lo sentono.<\/span><\/p><p>\u00a0<\/p><p><span style=\"font-weight: 400;\">Dai body glitterati agli abiti provocanti in pelle, fino a quasi non indossare vestiti. Alcuni prendono la strada erotica, mentre per altri si tratta solo di essere stravaganti. Anche se non ti spingi fino in fondo, puoi comunque aggiungere alcune ali d&#8217;angelo o un copricapo appariscente al tuo look. Gli outfit che catturano l&#8217;attenzione non solo attirano l&#8217;attenzione, ma sfidano anche le norme sociali, celebrando la libert\u00e0 di essere senza scuse ci\u00f2 che vuoi essere.<\/span><\/p>\t\t\t\t\t\t\t\t<\/div>\n\t\t\t\t<\/div>\n\t\t\t\t<div class=\"elementor-element elementor-element-1ff7714 elementor-widget elementor-widget-image\" data-id=\"1ff7714\" data-element_type=\"widget\" data-widget_type=\"image.default\">\n\t\t\t\t<div class=\"elementor-widget-container\">\n\t\t\t\t\t\t\t\t\t\t\t\t\t\t\t<img decoding=\"async\" width=\"770\" height=\"456\" src=\"https:\/\/www.wordans.com\/blog\/wp-content\/uploads\/2024\/05\/29327007697_9102ba9ca1_k-1-1024x607.jpg\" class=\"attachment-large size-large wp-image-5448\" alt=\"Two women wearing extravagant outfits with rainbow wings\" srcset=\"https:\/\/www.wordans.com\/blog\/wp-content\/uploads\/2024\/05\/29327007697_9102ba9ca1_k-1-1024x607.jpg 1024w, https:\/\/www.wordans.com\/blog\/wp-content\/uploads\/2024\/05\/29327007697_9102ba9ca1_k-1-300x178.jpg 300w, https:\/\/www.wordans.com\/blog\/wp-content\/uploads\/2024\/05\/29327007697_9102ba9ca1_k-1-768x455.jpg 768w, https:\/\/www.wordans.com\/blog\/wp-content\/uploads\/2024\/05\/29327007697_9102ba9ca1_k-1-600x356.jpg 600w, https:\/\/www.wordans.com\/blog\/wp-content\/uploads\/2024\/05\/29327007697_9102ba9ca1_k-1.jpg 1200w\" sizes=\"(max-width: 770px) 100vw, 770px\" \/>\t\t\t\t\t\t\t\t\t\t\t\t\t\t\t<\/div>\n\t\t\t\t<\/div>\n\t\t\t\t<div class=\"elementor-element elementor-element-67aca0f elementor-widget elementor-widget-heading\" data-id=\"67aca0f\" data-element_type=\"widget\" data-widget_type=\"heading.default\">\n\t\t\t\t<div class=\"elementor-widget-container\">\n\t\t\t\t\t<h2 class=\"elementor-heading-title elementor-size-default\">3. Libera l'arcobaleno<\/h2>\t\t\t\t<\/div>\n\t\t\t\t<\/div>\n\t\t\t\t<div class=\"elementor-element elementor-element-2d52441 elementor-widget elementor-widget-text-editor\" data-id=\"2d52441\" data-element_type=\"widget\" data-widget_type=\"text-editor.default\">\n\t\t\t\t<div class=\"elementor-widget-container\">\n\t\t\t\t\t\t\t\t\t<p><span style=\"font-weight: 400;\">La bandiera arcobaleno \u00e8 il simbolo pi\u00f9 prominente del Pride. Ce ne sono pi\u00f9 di una, ma l&#8217;originale, creata da Gilbert Baker, ha otto strisce. Il rosa acceso simboleggia il sesso, il rosso \u00e8 per la vita, l&#8217;arancione per la guarigione, il giallo per la luce del sole, il verde per la natura, il turchese per la magia e l&#8217;arte, l&#8217;indaco per la serenit\u00e0 e il viola rappresenta lo spirito.<\/span><\/p><p>\u00a0<\/p><p><span style=\"font-weight: 400;\">Quale modo migliore per onorare la bandiera arcobaleno se non incorporandola nel tuo outfit? Puoi optare per abbigliamento e accessori a strisce arcobaleno, o un colore diverso per ogni capo che indossi. Anche il tie-dye \u00e8 tornato di moda e non possiamo pensare a un modo migliore per infondere l&#8217;intero spettro nei tuoi vestiti. Tuttavia, come lo fai, indossare l&#8217;arcobaleno \u00e8 una potente dichiarazione di solidariet\u00e0 e inclusivit\u00e0.<\/span><\/p>\t\t\t\t\t\t\t\t<\/div>\n\t\t\t\t<\/div>\n\t\t\t\t<div class=\"elementor-element elementor-element-c3e4c2d elementor-widget elementor-widget-image\" data-id=\"c3e4c2d\" data-element_type=\"widget\" data-widget_type=\"image.default\">\n\t\t\t\t<div class=\"elementor-widget-container\">\n\t\t\t\t\t\t\t\t\t\t\t\t\t\t\t<img loading=\"lazy\" decoding=\"async\" width=\"770\" height=\"437\" src=\"https:\/\/www.wordans.com\/blog\/wp-content\/uploads\/2024\/05\/48611925328_338bd1210a_k-1-1024x581.jpg\" class=\"attachment-large size-large wp-image-5445\" alt=\"A woman wearing a beautiful multi-colored dress\" srcset=\"https:\/\/www.wordans.com\/blog\/wp-content\/uploads\/2024\/05\/48611925328_338bd1210a_k-1-1024x581.jpg 1024w, https:\/\/www.wordans.com\/blog\/wp-content\/uploads\/2024\/05\/48611925328_338bd1210a_k-1-300x170.jpg 300w, https:\/\/www.wordans.com\/blog\/wp-content\/uploads\/2024\/05\/48611925328_338bd1210a_k-1-768x436.jpg 768w, https:\/\/www.wordans.com\/blog\/wp-content\/uploads\/2024\/05\/48611925328_338bd1210a_k-1-600x341.jpg 600w, https:\/\/www.wordans.com\/blog\/wp-content\/uploads\/2024\/05\/48611925328_338bd1210a_k-1.jpg 1200w\" sizes=\"(max-width: 770px) 100vw, 770px\" \/>\t\t\t\t\t\t\t\t\t\t\t\t\t\t\t<\/div>\n\t\t\t\t<\/div>\n\t\t\t\t<div class=\"elementor-element elementor-element-273053e elementor-widget elementor-widget-heading\" data-id=\"273053e\" data-element_type=\"widget\" data-widget_type=\"heading.default\">\n\t\t\t\t<div class=\"elementor-widget-container\">\n\t\t\t\t\t<h2 class=\"elementor-heading-title elementor-size-default\">4. Promuovi una causa<\/h2>\t\t\t\t<\/div>\n\t\t\t\t<\/div>\n\t\t\t\t<div class=\"elementor-element elementor-element-2a45df7 elementor-widget elementor-widget-text-editor\" data-id=\"2a45df7\" data-element_type=\"widget\" data-widget_type=\"text-editor.default\">\n\t\t\t\t<div class=\"elementor-widget-container\">\n\t\t\t\t\t\t\t\t\t<p><span style=\"font-weight: 400;\">Il Pride non \u00e8 solo una celebrazione, \u00e8 anche un&#8217;opportunit\u00e0 per difendere cause importanti. Nonostante i progressi compiuti, c&#8217;\u00e8 ancora molto da fare e molte persone e organizzazioni utilizzano abbigliamento personalizzato per sensibilizzare e sostenere diverse iniziative LGBTQ+. Il Pride rappresenta amore, accettazione e unit\u00e0, quindi anche le cause che non sono direttamente correlate dovrebbero essere promosse se condividono valori comuni.<\/span><\/p><p>\u00a0<\/p><p><span style=\"font-weight: 400;\">Personalizzare il proprio abbigliamento \u00e8 super facile oggi, grazie ai nuovi programmi di design e metodi di stampa. Che si tratti di una t-shirt con un messaggio di uguaglianza o di una felpa che promuova una specifica associazione benefica, indossare un abbigliamento con uno scopo aggiunge profondit\u00e0 e significato al tuo abbigliamento per il Pride.<\/span><\/p>\t\t\t\t\t\t\t\t<\/div>\n\t\t\t\t<\/div>\n\t\t\t\t<div class=\"elementor-element elementor-element-db48a99 elementor-widget elementor-widget-image\" data-id=\"db48a99\" data-element_type=\"widget\" data-widget_type=\"image.default\">\n\t\t\t\t<div class=\"elementor-widget-container\">\n\t\t\t\t\t\t\t\t\t\t\t\t\t\t\t<img loading=\"lazy\" decoding=\"async\" width=\"770\" height=\"433\" src=\"https:\/\/www.wordans.com\/blog\/wp-content\/uploads\/2024\/05\/48467164481_71b0707fb1_k-1-1024x576.jpg\" class=\"attachment-large size-large wp-image-5451\" alt=\"People at a pride march wearing custom t-shirts with an organization printed on them\" srcset=\"https:\/\/www.wordans.com\/blog\/wp-content\/uploads\/2024\/05\/48467164481_71b0707fb1_k-1-1024x576.jpg 1024w, https:\/\/www.wordans.com\/blog\/wp-content\/uploads\/2024\/05\/48467164481_71b0707fb1_k-1-300x169.jpg 300w, https:\/\/www.wordans.com\/blog\/wp-content\/uploads\/2024\/05\/48467164481_71b0707fb1_k-1-768x432.jpg 768w, https:\/\/www.wordans.com\/blog\/wp-content\/uploads\/2024\/05\/48467164481_71b0707fb1_k-1-1160x653.jpg 1160w, https:\/\/www.wordans.com\/blog\/wp-content\/uploads\/2024\/05\/48467164481_71b0707fb1_k-1-600x338.jpg 600w, https:\/\/www.wordans.com\/blog\/wp-content\/uploads\/2024\/05\/48467164481_71b0707fb1_k-1.jpg 1200w\" sizes=\"(max-width: 770px) 100vw, 770px\" \/>\t\t\t\t\t\t\t\t\t\t\t\t\t\t\t<\/div>\n\t\t\t\t<\/div>\n\t\t\t\t<div class=\"elementor-element elementor-element-0a2a9e6 elementor-widget elementor-widget-heading\" data-id=\"0a2a9e6\" data-element_type=\"widget\" data-widget_type=\"heading.default\">\n\t\t\t\t<div class=\"elementor-widget-container\">\n\t\t\t\t\t<h2 class=\"elementor-heading-title elementor-size-default\">5. Mantieni le cose sobrie<\/h2>\t\t\t\t<\/div>\n\t\t\t\t<\/div>\n\t\t\t\t<div class=\"elementor-element elementor-element-81a4e7a elementor-widget elementor-widget-text-editor\" data-id=\"81a4e7a\" data-element_type=\"widget\" data-widget_type=\"text-editor.default\">\n\t\t\t\t<div class=\"elementor-widget-container\">\n\t\t\t\t\t\t\t\t\t<p><span style=\"font-weight: 400;\">Non tutti si sentono a proprio agio con abiti vistosi o stravaganti, ed \u00e8 perfettamente ok. Se c&#8217;\u00e8 una cosa che il Pride non riguarda, \u00e8 indossare certe cose solo per adattarsi. Se vuoi indossare abiti che ti aiutino a mescolarti con lo sfondo e essere pi\u00f9 uno spettatore che un partecipante, allora \u00e8 altrettanto appropriato quanto qualsiasi altra cosa.<\/span><\/p><p>\u00a0<\/p><p><span style=\"font-weight: 400;\">Per chi preferisce un look pi\u00f9 discreto, puoi comunque includere un cenno sottile al Pride con piccoli accessori come spille arcobaleno, calzini a tema Pride o una toppa con la bandiera del Pride sulla tua borsa. Ricorda, non si tratta di quanto sia appariscente il tuo outfit, ma di quanto orgoglio porti dentro di te.<\/span><\/p>\t\t\t\t\t\t\t\t<\/div>\n\t\t\t\t<\/div>\n\t\t\t\t<div class=\"elementor-element elementor-element-4d053a1 elementor-widget elementor-widget-image\" data-id=\"4d053a1\" data-element_type=\"widget\" data-widget_type=\"image.default\">\n\t\t\t\t<div class=\"elementor-widget-container\">\n\t\t\t\t\t\t\t\t\t\t\t\t\t\t\t<img loading=\"lazy\" decoding=\"async\" width=\"770\" height=\"474\" src=\"https:\/\/www.wordans.com\/blog\/wp-content\/uploads\/2024\/05\/43545742304_5f39973855_k-1-e1715610174177-1024x630.jpg\" class=\"attachment-large size-large wp-image-5450\" alt=\"People attend a Pride event wearing regular clothes\" srcset=\"https:\/\/www.wordans.com\/blog\/wp-content\/uploads\/2024\/05\/43545742304_5f39973855_k-1-e1715610174177-1024x630.jpg 1024w, https:\/\/www.wordans.com\/blog\/wp-content\/uploads\/2024\/05\/43545742304_5f39973855_k-1-e1715610174177-300x185.jpg 300w, https:\/\/www.wordans.com\/blog\/wp-content\/uploads\/2024\/05\/43545742304_5f39973855_k-1-e1715610174177-768x472.jpg 768w, https:\/\/www.wordans.com\/blog\/wp-content\/uploads\/2024\/05\/43545742304_5f39973855_k-1-e1715610174177-600x369.jpg 600w, https:\/\/www.wordans.com\/blog\/wp-content\/uploads\/2024\/05\/43545742304_5f39973855_k-1-e1715610174177.jpg 1200w\" sizes=\"(max-width: 770px) 100vw, 770px\" \/>\t\t\t\t\t\t\t\t\t\t\t\t\t\t\t<\/div>\n\t\t\t\t<\/div>\n\t\t\t\t<div class=\"elementor-element elementor-element-a765ec1 elementor-widget elementor-widget-heading\" data-id=\"a765ec1\" data-element_type=\"widget\" data-widget_type=\"heading.default\">\n\t\t\t\t<div class=\"elementor-widget-container\">\n\t\t\t\t\t<h2 class=\"elementor-heading-title elementor-size-default\">Qualche consiglio finale<\/h2>\t\t\t\t<\/div>\n\t\t\t\t<\/div>\n\t\t\t\t<div class=\"elementor-element elementor-element-ffe9890 elementor-widget elementor-widget-text-editor\" data-id=\"ffe9890\" data-element_type=\"widget\" data-widget_type=\"text-editor.default\">\n\t\t\t\t<div class=\"elementor-widget-container\">\n\t\t\t\t\t\t\t\t\t<p><span style=\"font-weight: 400;\">Ultima cosa da ricordare: tutto dipende da ci\u00f2 che stai facendo, ovviamente, ma gli eventi del Pride spesso significano una lunga giornata. Quando scegli il tuo abbigliamento, vale la pena pensare alla praticit\u00e0 oltre che allo stile. Potresti camminare e ballare tutto il giorno, il che \u00e8 davvero stancante, soprattutto se non hai pi\u00f9 21 anni. Quindi sono altamente raccomandate scarpe comode. Se non porti una borsa, vorrai abbigliamento con tasche. Anche se non hai molto con te all&#8217;inizio, di solito raccogli souvenir durante il giorno.<\/span><\/p><p>\u00a0<\/p><p><span style=\"font-weight: 400;\">Non dimenticare la protezione solare: a seconda di dove festeggi, potresti aver bisogno sia della crema solare che di un cappello da sole. Non vuoi essere esausto nel tardo pomeriggio. D&#8217;altra parte, potrebbe anche rinfrescare la sera, quindi non dimenticare uno strato extra.<\/span><\/p>\t\t\t\t\t\t\t\t<\/div>\n\t\t\t\t<\/div>\n\t\t\t\t<div class=\"elementor-element elementor-element-76de254 elementor-widget elementor-widget-image\" data-id=\"76de254\" data-element_type=\"widget\" data-widget_type=\"image.default\">\n\t\t\t\t<div class=\"elementor-widget-container\">\n\t\t\t\t\t\t\t\t\t\t\t\t\t\t\t<img loading=\"lazy\" decoding=\"async\" width=\"770\" height=\"514\" src=\"https:\/\/www.wordans.com\/blog\/wp-content\/uploads\/2024\/05\/51271581415_307591f987_k-1-1024x683.jpg\" class=\"attachment-large size-large wp-image-5447\" alt=\"Pride attendees wearing very little in the hot sun\" srcset=\"https:\/\/www.wordans.com\/blog\/wp-content\/uploads\/2024\/05\/51271581415_307591f987_k-1-1024x683.jpg 1024w, https:\/\/www.wordans.com\/blog\/wp-content\/uploads\/2024\/05\/51271581415_307591f987_k-1-300x200.jpg 300w, https:\/\/www.wordans.com\/blog\/wp-content\/uploads\/2024\/05\/51271581415_307591f987_k-1-768x512.jpg 768w, https:\/\/www.wordans.com\/blog\/wp-content\/uploads\/2024\/05\/51271581415_307591f987_k-1-600x400.jpg 600w, https:\/\/www.wordans.com\/blog\/wp-content\/uploads\/2024\/05\/51271581415_307591f987_k-1.jpg 1200w\" sizes=\"(max-width: 770px) 100vw, 770px\" \/>\t\t\t\t\t\t\t\t\t\t\t\t\t\t\t<\/div>\n\t\t\t\t<\/div>\n\t\t\t\t<div class=\"elementor-element elementor-element-e307b1b elementor-widget elementor-widget-text-editor\" data-id=\"e307b1b\" data-element_type=\"widget\" data-widget_type=\"text-editor.default\">\n\t\t\t\t<div class=\"elementor-widget-container\">\n\t\t\t\t\t\t\t\t\t<p><span style=\"font-weight: 400;\">Che tu stia mettendo insieme un ensemble abbagliante o mantenendo un basso profilo, lascia che il tuo abbigliamento rifletta chi sei e goditi lo spirito di inclusivit\u00e0 che definisce il Pride.<\/span><\/p>\t\t\t\t\t\t\t\t<\/div>\n\t\t\t\t<\/div>\n\t\t\t\t<div class=\"elementor-element elementor-element-8540d44 elementor-align-center elementor-widget elementor-widget-button\" data-id=\"8540d44\" data-element_type=\"widget\" data-widget_type=\"button.default\">\n\t\t\t\t<div class=\"elementor-widget-container\">\n\t\t\t\t\t\t\t\t\t<div class=\"elementor-button-wrapper\">\n\t\t\t\t\t<a class=\"elementor-button elementor-button-link elementor-size-md\" href=\"https:\/\/www.wordans.it\/\" target=\"_blank\">\n\t\t\t\t\t\t<span class=\"elementor-button-content-wrapper\">\n\t\t\t\t\t\t\t\t\t<span class=\"elementor-button-text\">Acquistare ora<\/span>\n\t\t\t\t\t<\/span>\n\t\t\t\t\t<\/a>\n\t\t\t\t<\/div>\n\t\t\t\t\t\t\t\t<\/div>\n\t\t\t\t<\/div>\n\t\t\t\t<div class=\"elementor-element elementor-element-b1d6796 elementor-widget elementor-widget-text-editor\" data-id=\"b1d6796\" data-element_type=\"widget\" data-widget_type=\"text-editor.default\">\n\t\t\t\t<div class=\"elementor-widget-container\">\n\t\t\t\t\t\t\t\t\t<p>Da Wordans abbiamo tutto ci\u00f2 di cui hai bisogno per il tuo outfit Pride: dalle magliette tie-dye agli occhiali da sole arcobaleno. Dai un&#8217;occhiata al nostro sito web per completare il tuo look. Il nostro Instagram <a href=\"http:\/\/instagram.com\/wearewordans\">@wearewordans<\/a> \u00e8 il posto dove andare per altre storie di moda e per vedere i nostri prodotti in azione.<\/p>\t\t\t\t\t\t\t\t<\/div>\n\t\t\t\t<\/div>\n\t\t\t\t<div class=\"elementor-element elementor-element-9560c28 elementor-post-navigation-borders-yes elementor-widget elementor-widget-global elementor-global-10059 elementor-widget-post-navigation\" data-id=\"9560c28\" data-element_type=\"widget\" data-widget_type=\"post-navigation.default\">\n\t\t\t\t<div class=\"elementor-widget-container\">\n\t\t\t\t\t\t\t<div class=\"elementor-post-navigation\">\n\t\t\t<div class=\"elementor-post-navigation__prev elementor-post-navigation__link\">\n\t\t\t\t<a href=\"https:\/\/www.wordans.com\/blog\/how-small-businesses-can-celebrate-pride-month\/\" rel=\"prev\"><span class=\"post-navigation__arrow-wrapper post-navigation__arrow-prev\"><i class=\"fa fa-angle-left\" aria-hidden=\"true\"><\/i><span class=\"elementor-screen-only\">Prev<\/span><\/span><span class=\"elementor-post-navigation__link__prev\"><span class=\"post-navigation__prev--label\">Previous<\/span><span class=\"post-navigation__prev--title\">How Small Businesses Can Celebrate Pride Month<\/span><\/span><\/a>\t\t\t<\/div>\n\t\t\t\t\t\t\t<div class=\"elementor-post-navigation__separator-wrapper\">\n\t\t\t\t\t<div class=\"elementor-post-navigation__separator\"><\/div>\n\t\t\t\t<\/div>\n\t\t\t\t\t\t<div class=\"elementor-post-navigation__next elementor-post-navigation__link\">\n\t\t\t\t<a href=\"https:\/\/www.wordans.com\/blog\/nl\/moet-kleden-voor-pride\/\" rel=\"next\"><span class=\"elementor-post-navigation__link__next\"><span class=\"post-navigation__next--label\">Next<\/span><span class=\"post-navigation__next--title\">Hoe je je kunt kleden voor Pride<\/span><\/span><span class=\"post-navigation__arrow-wrapper post-navigation__arrow-next\"><i class=\"fa fa-angle-right\" aria-hidden=\"true\"><\/i><span class=\"elementor-screen-only\">Next<\/span><\/span><\/a>\t\t\t<\/div>\n\t\t<\/div>\n\t\t\t\t\t\t<\/div>\n\t\t\t\t<\/div>\n\t\t\t\t\t<\/div>\n\t\t<\/div>\n\t\t\t\t\t<\/div>\n\t\t<\/section>\n\t\t\t\t<\/div>\n\t\t","protected":false},"excerpt":{"rendered":"<p>Le citt\u00e0 di tutto il mondo si stanno preparando per una delle celebrazioni pi\u00f9 vivaci e colorate dell&#8217;anno: il Pride. Paesi europei come Germania, Spagna e Regno Unito hanno citt\u00e0 che festeggiano a giugno, cos\u00ec come Australia, Brasile e Stati Uniti, dove tutto ha avuto inizio. Le prime marce del Pride si sono svolte un [&hellip;]<\/p>\n","protected":false},"author":1,"featured_media":5452,"comment_status":"closed","ping_status":"closed","sticky":false,"template":"","format":"standard","meta":{"footnotes":""},"categories":[675],"tags":[],"class_list":["post-5705","post","type-post","status-publish","format-standard","has-post-thumbnail","hentry","category-moda-it"],"_links":{"self":[{"href":"https:\/\/www.wordans.com\/blog\/wp-json\/wp\/v2\/posts\/5705","targetHints":{"allow":["GET"]}}],"collection":[{"href":"https:\/\/www.wordans.com\/blog\/wp-json\/wp\/v2\/posts"}],"about":[{"href":"https:\/\/www.wordans.com\/blog\/wp-json\/wp\/v2\/types\/post"}],"author":[{"embeddable":true,"href":"https:\/\/www.wordans.com\/blog\/wp-json\/wp\/v2\/users\/1"}],"replies":[{"embeddable":true,"href":"https:\/\/www.wordans.com\/blog\/wp-json\/wp\/v2\/comments?post=5705"}],"version-history":[{"count":18,"href":"https:\/\/www.wordans.com\/blog\/wp-json\/wp\/v2\/posts\/5705\/revisions"}],"predecessor-version":[{"id":10098,"href":"https:\/\/www.wordans.com\/blog\/wp-json\/wp\/v2\/posts\/5705\/revisions\/10098"}],"wp:featuredmedia":[{"embeddable":true,"href":"https:\/\/www.wordans.com\/blog\/wp-json\/wp\/v2\/media\/5452"}],"wp:attachment":[{"href":"https:\/\/www.wordans.com\/blog\/wp-json\/wp\/v2\/media?parent=5705"}],"wp:term":[{"taxonomy":"category","embeddable":true,"href":"https:\/\/www.wordans.com\/blog\/wp-json\/wp\/v2\/categories?post=5705"},{"taxonomy":"post_tag","embeddable":true,"href":"https:\/\/www.wordans.com\/blog\/wp-json\/wp\/v2\/tags?post=5705"}],"curies":[{"name":"wp","href":"https:\/\/api.w.org\/{rel}","templated":true}]}}