{"id":5720,"date":"2024-06-03T14:34:23","date_gmt":"2024-06-03T14:34:23","guid":{"rendered":"https:\/\/www.wordans.com\/blog\/?p=5720"},"modified":"2025-04-14T12:50:49","modified_gmt":"2025-04-14T12:50:49","slug":"mode-pride","status":"publish","type":"post","link":"https:\/\/www.wordans.com\/blog\/de\/mode-pride\/","title":{"rendered":"Wie man sich f\u00fcr den Pride kleidet"},"content":{"rendered":"\t\t<div data-elementor-type=\"wp-post\" data-elementor-id=\"5720\" class=\"elementor elementor-5720\" data-elementor-post-type=\"post\">\n\t\t\t\t\t\t<section class=\"elementor-section elementor-top-section elementor-element elementor-element-375a052 elementor-section-boxed elementor-section-height-default elementor-section-height-default\" data-id=\"375a052\" data-element_type=\"section\">\n\t\t\t\t\t\t<div class=\"elementor-container elementor-column-gap-default\">\n\t\t\t\t\t<div class=\"elementor-column elementor-col-100 elementor-top-column elementor-element elementor-element-2d1a342\" data-id=\"2d1a342\" data-element_type=\"column\">\n\t\t\t<div class=\"elementor-widget-wrap elementor-element-populated\">\n\t\t\t\t\t\t<div class=\"elementor-element elementor-element-8bf7df1 elementor-widget elementor-widget-text-editor\" data-id=\"8bf7df1\" data-element_type=\"widget\" data-widget_type=\"text-editor.default\">\n\t\t\t\t<div class=\"elementor-widget-container\">\n\t\t\t\t\t\t\t\t\t<p><span style=\"font-weight: 400;\">St\u00e4dte auf der ganzen Welt bereiten sich auf eine der lebhaftesten und farbenfrohsten Feierlichkeiten des Jahres vor: den Pride. Europ\u00e4ische L\u00e4nder wie Deutschland, Spanien und das Vereinigte K\u00f6nigreich haben St\u00e4dte, die im Juni feiern, ebenso wie Australien, Brasilien und die Vereinigten Staaten, wo alles begann.<\/span><\/p><p>\u00a0<\/p><p><span style=\"font-weight: 400;\">Die ersten Pride-M\u00e4rsche fanden ein Jahr nach den Stonewall-Unruhen in New York im Juni 1969 statt. Seitdem haben sie sich zu einer Gedenkfeier f\u00fcr die Rechte von LGBTQ+ entwickelt, einem Symbol der Sichtbarkeit und einer freudigen Darstellung von Vielfalt. W\u00e4hrend dieses Monats schlie\u00dfen sich die L\u00e4nder in Solidarit\u00e4t zusammen und veranstalten Paraden, Partys und andere Events, um den Weg der Gemeinschaft zur Gleichstellung zu ehren und denen Respekt zu zollen, die daf\u00fcr gek\u00e4mpft haben, dies m\u00f6glich zu machen.<\/span><\/p>\t\t\t\t\t\t\t\t<\/div>\n\t\t\t\t<\/div>\n\t\t\t\t<div class=\"elementor-element elementor-element-5ac3cdf elementor-widget elementor-widget-image\" data-id=\"5ac3cdf\" data-element_type=\"widget\" data-widget_type=\"image.default\">\n\t\t\t\t<div class=\"elementor-widget-container\">\n\t\t\t\t\t\t\t\t\t\t\t\t\t\t\t<img fetchpriority=\"high\" decoding=\"async\" width=\"770\" height=\"458\" src=\"https:\/\/www.wordans.com\/blog\/wp-content\/uploads\/2024\/05\/34353249603_c846f0841e_o-2-e1715610098282-1024x609.jpg\" class=\"attachment-large size-large wp-image-5449\" alt=\"People marching while carrying balloon structures which spell &quot;pride&quot;\" srcset=\"https:\/\/www.wordans.com\/blog\/wp-content\/uploads\/2024\/05\/34353249603_c846f0841e_o-2-e1715610098282-1024x609.jpg 1024w, https:\/\/www.wordans.com\/blog\/wp-content\/uploads\/2024\/05\/34353249603_c846f0841e_o-2-e1715610098282-300x179.jpg 300w, https:\/\/www.wordans.com\/blog\/wp-content\/uploads\/2024\/05\/34353249603_c846f0841e_o-2-e1715610098282-768x457.jpg 768w, https:\/\/www.wordans.com\/blog\/wp-content\/uploads\/2024\/05\/34353249603_c846f0841e_o-2-e1715610098282-600x357.jpg 600w, https:\/\/www.wordans.com\/blog\/wp-content\/uploads\/2024\/05\/34353249603_c846f0841e_o-2-e1715610098282.jpg 1200w\" sizes=\"(max-width: 770px) 100vw, 770px\" \/>\t\t\t\t\t\t\t\t\t\t\t\t\t\t\t<\/div>\n\t\t\t\t<\/div>\n\t\t\t\t<div class=\"elementor-element elementor-element-e6ee603 elementor-widget elementor-widget-heading\" data-id=\"e6ee603\" data-element_type=\"widget\" data-widget_type=\"heading.default\">\n\t\t\t\t<div class=\"elementor-widget-container\">\n\t\t\t\t\t<h2 class=\"elementor-heading-title elementor-size-default\">Was soll ich also anziehen?<\/h2>\t\t\t\t<\/div>\n\t\t\t\t<\/div>\n\t\t\t\t<div class=\"elementor-element elementor-element-5f4fd76 elementor-widget__width-initial elementor-widget elementor-widget-text-editor\" data-id=\"5f4fd76\" data-element_type=\"widget\" data-widget_type=\"text-editor.default\">\n\t\t\t\t<div class=\"elementor-widget-container\">\n\t\t\t\t\t\t\t\t\t<p><span style=\"font-weight: 400;\">F\u00fcr einige ist es einfacher zu entscheiden, wie sie sich f\u00fcr den Pride kleiden sollen, als f\u00fcr andere. Die Veranstaltung hei\u00dft Pride, und viele LGBTQ+-Menschen aus westlichen Kulturen f\u00fchlen sich schon lange wohl dabei, stolz auf das zu sein, was sie sind. Andere haben es anders: Jedes Jahr besuchen viele Menschen ihren ersten Pride, und einige leben immer noch mit Unterdr\u00fcckung.<\/span><\/p><p><span style=\"font-weight: 400;\">Regel Nummer eins: Es gibt keinen Druck auf jemanden, etwas zu tragen, das ihn unangenehm macht. Zieh an, was du m\u00f6chtest, das ist der ganze Punkt, aber wenn es etwas gibt, das du tragen m\u00f6chtest und normalerweise keine Gelegenheit dazu hast \u2013 jetzt ist die Zeit. Hier sind 5 verschiedene Ans\u00e4tze, die du bei der Auswahl deines <a href=\"https:\/\/www.wordans.de\/select\/pride-merch\">Outfits f\u00fcr die Pride-Feierlichkeiten<\/a> verfolgen kannst:<\/span><\/p>\t\t\t\t\t\t\t\t<\/div>\n\t\t\t\t<\/div>\n\t\t\t\t\t<\/div>\n\t\t<\/div>\n\t\t\t\t\t<\/div>\n\t\t<\/section>\n\t\t\t\t<section class=\"elementor-section elementor-top-section elementor-element elementor-element-666d65b elementor-section-boxed elementor-section-height-default elementor-section-height-default\" data-id=\"666d65b\" data-element_type=\"section\">\n\t\t\t\t\t\t<div class=\"elementor-container elementor-column-gap-default\">\n\t\t\t\t\t<div class=\"elementor-column elementor-col-100 elementor-top-column elementor-element elementor-element-093a68a\" data-id=\"093a68a\" data-element_type=\"column\">\n\t\t\t<div class=\"elementor-widget-wrap elementor-element-populated\">\n\t\t\t\t\t\t<div class=\"elementor-element elementor-element-417280f elementor-widget elementor-widget-heading\" data-id=\"417280f\" data-element_type=\"widget\" data-widget_type=\"heading.default\">\n\t\t\t\t<div class=\"elementor-widget-container\">\n\t\t\t\t\t<h2 class=\"elementor-heading-title elementor-size-default\">1. Kleide dich f\u00fcr den Sommer<\/h2>\t\t\t\t<\/div>\n\t\t\t\t<\/div>\n\t\t\t\t<div class=\"elementor-element elementor-element-56849eb elementor-widget elementor-widget-text-editor\" data-id=\"56849eb\" data-element_type=\"widget\" data-widget_type=\"text-editor.default\">\n\t\t\t\t<div class=\"elementor-widget-container\">\n\t\t\t\t\t\t\t\t\t<p><span style=\"font-weight: 400;\">Der Juni ist nicht nur der Pride-Monat, sondern auch der Beginn des Sommers. F\u00fcr viele Menschen geht es beim Anziehen f\u00fcr den Pride nicht darum, Statements zu machen oder extravagant zu sein, sondern den Sommer willkommen zu hei\u00dfen und eine Party zu feiern. Selbst wenn wir nichts nur f\u00fcr den Pride kaufen, ist es eine sch\u00f6ne Jahreszeit, um shoppen zu gehen und etwas Neues zu finden, das uns in Stimmung f\u00fcr eine gute Zeit bringt.<\/span><\/p><p>\u00a0<\/p><p><span style=\"font-weight: 400;\">Denk an atmungsaktive Baumwoll-T-Shirts, Tanktops, flie\u00dfende R\u00f6cke, Shorts und Sandalen. F\u00fcge etwas Farbe hinzu und zeig Haut, wenn du m\u00f6chtest, aber du musst nicht weiter gehen als du willst. Bleib cool, selbstbewusst und mach mit beim Spa\u00df.<\/span><\/p>\t\t\t\t\t\t\t\t<\/div>\n\t\t\t\t<\/div>\n\t\t\t\t<div class=\"elementor-element elementor-element-6dcbda1 elementor-widget elementor-widget-image\" data-id=\"6dcbda1\" data-element_type=\"widget\" data-widget_type=\"image.default\">\n\t\t\t\t<div class=\"elementor-widget-container\">\n\t\t\t\t\t\t\t\t\t\t\t\t\t\t\t<img decoding=\"async\" width=\"770\" height=\"514\" src=\"https:\/\/www.wordans.com\/blog\/wp-content\/uploads\/2024\/05\/48611925528_ac3fb5118c_k-1-1024x684.jpg\" class=\"attachment-large size-large wp-image-5446\" alt=\"A woman smiling in a summer outfit and rainbow headband\" srcset=\"https:\/\/www.wordans.com\/blog\/wp-content\/uploads\/2024\/05\/48611925528_ac3fb5118c_k-1-1024x684.jpg 1024w, https:\/\/www.wordans.com\/blog\/wp-content\/uploads\/2024\/05\/48611925528_ac3fb5118c_k-1-300x200.jpg 300w, https:\/\/www.wordans.com\/blog\/wp-content\/uploads\/2024\/05\/48611925528_ac3fb5118c_k-1-768x513.jpg 768w, https:\/\/www.wordans.com\/blog\/wp-content\/uploads\/2024\/05\/48611925528_ac3fb5118c_k-1-600x401.jpg 600w, https:\/\/www.wordans.com\/blog\/wp-content\/uploads\/2024\/05\/48611925528_ac3fb5118c_k-1.jpg 1200w\" sizes=\"(max-width: 770px) 100vw, 770px\" \/>\t\t\t\t\t\t\t\t\t\t\t\t\t\t\t<\/div>\n\t\t\t\t<\/div>\n\t\t\t\t<div class=\"elementor-element elementor-element-9501f74 elementor-widget elementor-widget-heading\" data-id=\"9501f74\" data-element_type=\"widget\" data-widget_type=\"heading.default\">\n\t\t\t\t<div class=\"elementor-widget-container\">\n\t\t\t\t\t<h2 class=\"elementor-heading-title elementor-size-default\">2. Geh an deine Grenzen<\/h2>\t\t\t\t<\/div>\n\t\t\t\t<\/div>\n\t\t\t\t<div class=\"elementor-element elementor-element-d57a9c8 elementor-widget elementor-widget-text-editor\" data-id=\"d57a9c8\" data-element_type=\"widget\" data-widget_type=\"text-editor.default\">\n\t\t\t\t<div class=\"elementor-widget-container\">\n\t\t\t\t\t\t\t\t\t<p><span style=\"font-weight: 400;\">F\u00fcr einige ist der Pride eine Zeit, Grenzen zu \u00fcberschreiten und sich frei auszudr\u00fccken. Es gibt eine Zeit im Jahr, in der du alles tragen kannst, was du m\u00f6chtest, ohne Urteil oder Vorwurf, warum also nicht das Beste daraus machen? Viele Menschen, die sich beim Pride austoben, sagen, dass es ihr Selbstvertrauen dauerhaft gest\u00e4rkt hat \u2013 es ist definitiv sch\u00f6n zu sehen, dass es, egal welchen Stil du hast, andere gibt, die das auch f\u00fchlen.<\/span><\/p><p>\u00a0<\/p><p><span style=\"font-weight: 400;\">Von glitzernden Bodysuits bis zu provokativer Lederkleidung, bis hin zum fast vollst\u00e4ndigen Vermeiden von Kleidung. Einige gehen den erotischen Weg, w\u00e4hrend es f\u00fcr andere nur um Extravaganz geht. Selbst wenn du nicht alles gibst, kannst du deinem Look immer noch Engelsfl\u00fcgel oder auff\u00e4llige Kopfbedeckungen hinzuf\u00fcgen. Auff\u00e4llige Outfits ziehen nicht nur Aufmerksamkeit auf sich, sondern fordern auch gesellschaftliche Normen heraus und feiern die Freiheit, unapologetisch zu sein, was immer du sein m\u00f6chtest.<\/span><\/p>\t\t\t\t\t\t\t\t<\/div>\n\t\t\t\t<\/div>\n\t\t\t\t<div class=\"elementor-element elementor-element-1ff7714 elementor-widget elementor-widget-image\" data-id=\"1ff7714\" data-element_type=\"widget\" data-widget_type=\"image.default\">\n\t\t\t\t<div class=\"elementor-widget-container\">\n\t\t\t\t\t\t\t\t\t\t\t\t\t\t\t<img decoding=\"async\" width=\"770\" height=\"456\" src=\"https:\/\/www.wordans.com\/blog\/wp-content\/uploads\/2024\/05\/29327007697_9102ba9ca1_k-1-1024x607.jpg\" class=\"attachment-large size-large wp-image-5448\" alt=\"Two women wearing extravagant outfits with rainbow wings\" srcset=\"https:\/\/www.wordans.com\/blog\/wp-content\/uploads\/2024\/05\/29327007697_9102ba9ca1_k-1-1024x607.jpg 1024w, https:\/\/www.wordans.com\/blog\/wp-content\/uploads\/2024\/05\/29327007697_9102ba9ca1_k-1-300x178.jpg 300w, https:\/\/www.wordans.com\/blog\/wp-content\/uploads\/2024\/05\/29327007697_9102ba9ca1_k-1-768x455.jpg 768w, https:\/\/www.wordans.com\/blog\/wp-content\/uploads\/2024\/05\/29327007697_9102ba9ca1_k-1-600x356.jpg 600w, https:\/\/www.wordans.com\/blog\/wp-content\/uploads\/2024\/05\/29327007697_9102ba9ca1_k-1.jpg 1200w\" sizes=\"(max-width: 770px) 100vw, 770px\" \/>\t\t\t\t\t\t\t\t\t\t\t\t\t\t\t<\/div>\n\t\t\t\t<\/div>\n\t\t\t\t<div class=\"elementor-element elementor-element-67aca0f elementor-widget elementor-widget-heading\" data-id=\"67aca0f\" data-element_type=\"widget\" data-widget_type=\"heading.default\">\n\t\t\t\t<div class=\"elementor-widget-container\">\n\t\t\t\t\t<h2 class=\"elementor-heading-title elementor-size-default\">3. Befreie den Regenbogen<\/h2>\t\t\t\t<\/div>\n\t\t\t\t<\/div>\n\t\t\t\t<div class=\"elementor-element elementor-element-2d52441 elementor-widget elementor-widget-text-editor\" data-id=\"2d52441\" data-element_type=\"widget\" data-widget_type=\"text-editor.default\">\n\t\t\t\t<div class=\"elementor-widget-container\">\n\t\t\t\t\t\t\t\t\t<p><span style=\"font-weight: 400;\">Die Regenbogenflagge ist das prominenteste Symbol des Pride. Es gibt mehr als eine, aber das Original, erstellt von Gilbert Baker, hat acht Streifen. Das kr\u00e4ftige Pink symbolisiert Sex, Rot steht f\u00fcr Leben, Orange f\u00fcr Heilung, Gelb f\u00fcr Sonnenlicht, Gr\u00fcn f\u00fcr Natur, T\u00fcrkis f\u00fcr Magie und Kunst, Indigo f\u00fcr Ruhe und Violett repr\u00e4sentiert den Geist.<\/span><\/p><p>\u00a0<\/p><p><span style=\"font-weight: 400;\">Was gibt es Besseres, um die Regenbogenflagge zu ehren, als sie in dein Outfit zu integrieren? Du kannst Kleidung und Accessoires mit Regenbogenstreifen tragen oder f\u00fcr jedes Kleidungsst\u00fcck, das du tr\u00e4gst, eine andere Farbe w\u00e4hlen. Batik ist auch wieder in Mode, und wir k\u00f6nnen uns keine bessere M\u00f6glichkeit vorstellen, das gesamte Spektrum in deine Kleidung zu bringen. Egal wie du es machst, das Tragen des Regenbogens ist eine starke Erkl\u00e4rung f\u00fcr Solidarit\u00e4t und Inklusion.<\/span><\/p>\t\t\t\t\t\t\t\t<\/div>\n\t\t\t\t<\/div>\n\t\t\t\t<div class=\"elementor-element elementor-element-c3e4c2d elementor-widget elementor-widget-image\" data-id=\"c3e4c2d\" data-element_type=\"widget\" data-widget_type=\"image.default\">\n\t\t\t\t<div class=\"elementor-widget-container\">\n\t\t\t\t\t\t\t\t\t\t\t\t\t\t\t<img loading=\"lazy\" decoding=\"async\" width=\"770\" height=\"437\" src=\"https:\/\/www.wordans.com\/blog\/wp-content\/uploads\/2024\/05\/48611925328_338bd1210a_k-1-1024x581.jpg\" class=\"attachment-large size-large wp-image-5445\" alt=\"A woman wearing a beautiful multi-colored dress\" srcset=\"https:\/\/www.wordans.com\/blog\/wp-content\/uploads\/2024\/05\/48611925328_338bd1210a_k-1-1024x581.jpg 1024w, https:\/\/www.wordans.com\/blog\/wp-content\/uploads\/2024\/05\/48611925328_338bd1210a_k-1-300x170.jpg 300w, https:\/\/www.wordans.com\/blog\/wp-content\/uploads\/2024\/05\/48611925328_338bd1210a_k-1-768x436.jpg 768w, https:\/\/www.wordans.com\/blog\/wp-content\/uploads\/2024\/05\/48611925328_338bd1210a_k-1-600x341.jpg 600w, https:\/\/www.wordans.com\/blog\/wp-content\/uploads\/2024\/05\/48611925328_338bd1210a_k-1.jpg 1200w\" sizes=\"(max-width: 770px) 100vw, 770px\" \/>\t\t\t\t\t\t\t\t\t\t\t\t\t\t\t<\/div>\n\t\t\t\t<\/div>\n\t\t\t\t<div class=\"elementor-element elementor-element-273053e elementor-widget elementor-widget-heading\" data-id=\"273053e\" data-element_type=\"widget\" data-widget_type=\"heading.default\">\n\t\t\t\t<div class=\"elementor-widget-container\">\n\t\t\t\t\t<h2 class=\"elementor-heading-title elementor-size-default\">4. F\u00f6rdere eine Sache<\/h2>\t\t\t\t<\/div>\n\t\t\t\t<\/div>\n\t\t\t\t<div class=\"elementor-element elementor-element-2a45df7 elementor-widget elementor-widget-text-editor\" data-id=\"2a45df7\" data-element_type=\"widget\" data-widget_type=\"text-editor.default\">\n\t\t\t\t<div class=\"elementor-widget-container\">\n\t\t\t\t\t\t\t\t\t<p><span style=\"font-weight: 400;\">Pride ist nicht nur eine Feier \u2013 es ist auch eine Gelegenheit, wichtige Anliegen zu f\u00f6rdern. Trotz der erzielten Fortschritte gibt es noch viel zu tun, und viele Einzelpersonen und Organisationen nutzen ma\u00dfgeschneiderte Kleidung, um Bewusstsein zu schaffen und verschiedene LGBTQ+ Initiativen zu unterst\u00fctzen. Pride steht f\u00fcr Liebe, Akzeptanz und Einheit, daher sollten auch Anliegen gef\u00f6rdert werden, die nicht direkt damit zusammenh\u00e4ngen, wenn sie gemeinsame Werte teilen.<\/span><\/p><p>\u00a0<\/p><p><span style=\"font-weight: 400;\">Das Anpassen deiner eigenen Kleidung ist heutzutage super einfach, dank neuer Designprogramme und Druckverfahren. Ob es sich um ein T-Shirt mit einer Gleichheitsbotschaft oder um einen Hoodie handelt, der eine bestimmte Wohlt\u00e4tigkeitsorganisation f\u00f6rdert, das Tragen von Kleidung mit einem Zweck verleiht deinem Pride-Outfit Tiefe und Bedeutung.<\/span><\/p>\t\t\t\t\t\t\t\t<\/div>\n\t\t\t\t<\/div>\n\t\t\t\t<div class=\"elementor-element elementor-element-db48a99 elementor-widget elementor-widget-image\" data-id=\"db48a99\" data-element_type=\"widget\" data-widget_type=\"image.default\">\n\t\t\t\t<div class=\"elementor-widget-container\">\n\t\t\t\t\t\t\t\t\t\t\t\t\t\t\t<img loading=\"lazy\" decoding=\"async\" width=\"770\" height=\"433\" src=\"https:\/\/www.wordans.com\/blog\/wp-content\/uploads\/2024\/05\/48467164481_71b0707fb1_k-1-1024x576.jpg\" class=\"attachment-large size-large wp-image-5451\" alt=\"People at a pride march wearing custom t-shirts with an organization printed on them\" srcset=\"https:\/\/www.wordans.com\/blog\/wp-content\/uploads\/2024\/05\/48467164481_71b0707fb1_k-1-1024x576.jpg 1024w, https:\/\/www.wordans.com\/blog\/wp-content\/uploads\/2024\/05\/48467164481_71b0707fb1_k-1-300x169.jpg 300w, https:\/\/www.wordans.com\/blog\/wp-content\/uploads\/2024\/05\/48467164481_71b0707fb1_k-1-768x432.jpg 768w, https:\/\/www.wordans.com\/blog\/wp-content\/uploads\/2024\/05\/48467164481_71b0707fb1_k-1-1160x653.jpg 1160w, https:\/\/www.wordans.com\/blog\/wp-content\/uploads\/2024\/05\/48467164481_71b0707fb1_k-1-600x338.jpg 600w, https:\/\/www.wordans.com\/blog\/wp-content\/uploads\/2024\/05\/48467164481_71b0707fb1_k-1.jpg 1200w\" sizes=\"(max-width: 770px) 100vw, 770px\" \/>\t\t\t\t\t\t\t\t\t\t\t\t\t\t\t<\/div>\n\t\t\t\t<\/div>\n\t\t\t\t<div class=\"elementor-element elementor-element-0a2a9e6 elementor-widget elementor-widget-heading\" data-id=\"0a2a9e6\" data-element_type=\"widget\" data-widget_type=\"heading.default\">\n\t\t\t\t<div class=\"elementor-widget-container\">\n\t\t\t\t\t<h2 class=\"elementor-heading-title elementor-size-default\">5. Halte es dezent<\/h2>\t\t\t\t<\/div>\n\t\t\t\t<\/div>\n\t\t\t\t<div class=\"elementor-element elementor-element-81a4e7a elementor-widget elementor-widget-text-editor\" data-id=\"81a4e7a\" data-element_type=\"widget\" data-widget_type=\"text-editor.default\">\n\t\t\t\t<div class=\"elementor-widget-container\">\n\t\t\t\t\t\t\t\t\t<p><span style=\"font-weight: 400;\">Nicht jeder f\u00fchlt sich in auff\u00e4lligen oder extravaganten Outfits wohl, und das ist vollkommen in Ordnung. Wenn es eine Sache gibt, die der Pride nicht betrifft, dann ist es, bestimmte Dinge zu tragen, nur um dazuzugeh\u00f6ren. Wenn du Kleidung tragen m\u00f6chtest, die dir hilft, im Hintergrund zu bleiben und mehr Zuschauer als Teilnehmer zu sein, dann ist das genauso angemessen wie alles andere.<\/span><\/p><p>\u00a0<\/p><p><span style=\"font-weight: 400;\">F\u00fcr diejenigen, die einen dezenteren Look bevorzugen, kannst du dennoch einen subtilen Hinweis auf den Pride mit kleinen Accessoires wie Regenbogen-Pins, Pride-Themen-Socken oder einem Pride-Flaggen-Patch auf deiner Tasche integrieren. Denk daran, es geht nicht darum, wie laut dein Outfit ist, sondern wie viel Stolz du in dir tr\u00e4gst.<\/span><\/p>\t\t\t\t\t\t\t\t<\/div>\n\t\t\t\t<\/div>\n\t\t\t\t<div class=\"elementor-element elementor-element-4d053a1 elementor-widget elementor-widget-image\" data-id=\"4d053a1\" data-element_type=\"widget\" data-widget_type=\"image.default\">\n\t\t\t\t<div class=\"elementor-widget-container\">\n\t\t\t\t\t\t\t\t\t\t\t\t\t\t\t<img loading=\"lazy\" decoding=\"async\" width=\"770\" height=\"474\" src=\"https:\/\/www.wordans.com\/blog\/wp-content\/uploads\/2024\/05\/43545742304_5f39973855_k-1-e1715610174177-1024x630.jpg\" class=\"attachment-large size-large wp-image-5450\" alt=\"People attend a Pride event wearing regular clothes\" srcset=\"https:\/\/www.wordans.com\/blog\/wp-content\/uploads\/2024\/05\/43545742304_5f39973855_k-1-e1715610174177-1024x630.jpg 1024w, https:\/\/www.wordans.com\/blog\/wp-content\/uploads\/2024\/05\/43545742304_5f39973855_k-1-e1715610174177-300x185.jpg 300w, https:\/\/www.wordans.com\/blog\/wp-content\/uploads\/2024\/05\/43545742304_5f39973855_k-1-e1715610174177-768x472.jpg 768w, https:\/\/www.wordans.com\/blog\/wp-content\/uploads\/2024\/05\/43545742304_5f39973855_k-1-e1715610174177-600x369.jpg 600w, https:\/\/www.wordans.com\/blog\/wp-content\/uploads\/2024\/05\/43545742304_5f39973855_k-1-e1715610174177.jpg 1200w\" sizes=\"(max-width: 770px) 100vw, 770px\" \/>\t\t\t\t\t\t\t\t\t\t\t\t\t\t\t<\/div>\n\t\t\t\t<\/div>\n\t\t\t\t<div class=\"elementor-element elementor-element-a765ec1 elementor-widget elementor-widget-heading\" data-id=\"a765ec1\" data-element_type=\"widget\" data-widget_type=\"heading.default\">\n\t\t\t\t<div class=\"elementor-widget-container\">\n\t\t\t\t\t<h2 class=\"elementor-heading-title elementor-size-default\">Ein paar abschlie\u00dfende Ratschl\u00e4ge<\/h2>\t\t\t\t<\/div>\n\t\t\t\t<\/div>\n\t\t\t\t<div class=\"elementor-element elementor-element-ffe9890 elementor-widget elementor-widget-text-editor\" data-id=\"ffe9890\" data-element_type=\"widget\" data-widget_type=\"text-editor.default\">\n\t\t\t\t<div class=\"elementor-widget-container\">\n\t\t\t\t\t\t\t\t\t<p><span style=\"font-weight: 400;\">Das Letzte, woran du denken solltest: Es h\u00e4ngt nat\u00fcrlich davon ab, was du tust, aber Pride-Events bedeuten oft einen langen Tag. Wenn du dein Outfit w\u00e4hlst, lohnt es sich, \u00fcber die Praktikabilit\u00e4t sowie den Stil nachzudenken. Du k\u00f6nntest den ganzen Tag laufen und tanzen, was wirklich anstrengend ist, besonders wenn du keine 21 mehr bist. Daher werden bequeme Schuhe dringend empfohlen. Wenn du keine Tasche dabei hast, solltest du Kleidung mit Taschen tragen. Auch wenn du am Anfang nicht viel bei dir hast, sammelst du normalerweise im Laufe des Tages Souvenirs.<\/span><\/p><p>\u00a0<\/p><p><span style=\"font-weight: 400;\">Vergiss deinen Sonnenschutz nicht: Je nachdem, wo du feierst, k\u00f6nntest du sowohl Creme als auch einen Sonnenhut brauchen. Du m\u00f6chtest sicherlich nicht am sp\u00e4ten Nachmittag ersch\u00f6pft sein. Andererseits k\u00f6nnte es auch am Abend abk\u00fchlen \u2013 also vergiss die zus\u00e4tzliche Schicht nicht.<\/span><\/p>\t\t\t\t\t\t\t\t<\/div>\n\t\t\t\t<\/div>\n\t\t\t\t<div class=\"elementor-element elementor-element-76de254 elementor-widget elementor-widget-image\" data-id=\"76de254\" data-element_type=\"widget\" data-widget_type=\"image.default\">\n\t\t\t\t<div class=\"elementor-widget-container\">\n\t\t\t\t\t\t\t\t\t\t\t\t\t\t\t<img loading=\"lazy\" decoding=\"async\" width=\"770\" height=\"514\" src=\"https:\/\/www.wordans.com\/blog\/wp-content\/uploads\/2024\/05\/51271581415_307591f987_k-1-1024x683.jpg\" class=\"attachment-large size-large wp-image-5447\" alt=\"Pride attendees wearing very little in the hot sun\" srcset=\"https:\/\/www.wordans.com\/blog\/wp-content\/uploads\/2024\/05\/51271581415_307591f987_k-1-1024x683.jpg 1024w, https:\/\/www.wordans.com\/blog\/wp-content\/uploads\/2024\/05\/51271581415_307591f987_k-1-300x200.jpg 300w, https:\/\/www.wordans.com\/blog\/wp-content\/uploads\/2024\/05\/51271581415_307591f987_k-1-768x512.jpg 768w, https:\/\/www.wordans.com\/blog\/wp-content\/uploads\/2024\/05\/51271581415_307591f987_k-1-600x400.jpg 600w, https:\/\/www.wordans.com\/blog\/wp-content\/uploads\/2024\/05\/51271581415_307591f987_k-1.jpg 1200w\" sizes=\"(max-width: 770px) 100vw, 770px\" \/>\t\t\t\t\t\t\t\t\t\t\t\t\t\t\t<\/div>\n\t\t\t\t<\/div>\n\t\t\t\t<div class=\"elementor-element elementor-element-e307b1b elementor-widget elementor-widget-text-editor\" data-id=\"e307b1b\" data-element_type=\"widget\" data-widget_type=\"text-editor.default\">\n\t\t\t\t<div class=\"elementor-widget-container\">\n\t\t\t\t\t\t\t\t\t<p><span style=\"font-weight: 400;\">Ob du ein schillerndes Ensemble zusammenstellst oder es dezent h\u00e4ltst, lass dein Outfit widerspiegeln, wer du bist, und genie\u00dfe den Geist der Inklusion, der den Pride definiert.<\/span><\/p>\t\t\t\t\t\t\t\t<\/div>\n\t\t\t\t<\/div>\n\t\t\t\t<div class=\"elementor-element elementor-element-8540d44 elementor-align-center elementor-widget elementor-widget-button\" data-id=\"8540d44\" data-element_type=\"widget\" data-widget_type=\"button.default\">\n\t\t\t\t<div class=\"elementor-widget-container\">\n\t\t\t\t\t\t\t\t\t<div class=\"elementor-button-wrapper\">\n\t\t\t\t\t<a class=\"elementor-button elementor-button-link elementor-size-md\" href=\"https:\/\/www.wordans.de\/\" target=\"_blank\">\n\t\t\t\t\t\t<span class=\"elementor-button-content-wrapper\">\n\t\t\t\t\t\t\t\t\t<span class=\"elementor-button-text\">Jetzt Einkaufen!<\/span>\n\t\t\t\t\t<\/span>\n\t\t\t\t\t<\/a>\n\t\t\t\t<\/div>\n\t\t\t\t\t\t\t\t<\/div>\n\t\t\t\t<\/div>\n\t\t\t\t<div class=\"elementor-element elementor-element-b1d6796 elementor-widget elementor-widget-text-editor\" data-id=\"b1d6796\" data-element_type=\"widget\" data-widget_type=\"text-editor.default\">\n\t\t\t\t<div class=\"elementor-widget-container\">\n\t\t\t\t\t\t\t\t\t<p>Bei Wordans haben wir alles, was Sie f\u00fcr Ihr Pride-Outfit brauchen \u2013 von Batik-T-Shirts bis hin zu Regenbogen-Sonnenbrillen. Schauen Sie auf unserer Website vorbei, um Ihren Look zu vervollst\u00e4ndigen. Auf unserem Instagram-Account <a href=\"http:\/\/instagram.com\/wearewordans\">@wearewordans<\/a> finden Sie weitere Modegeschichten und k\u00f6nnen unsere Produkte in Aktion sehen.<\/p>\t\t\t\t\t\t\t\t<\/div>\n\t\t\t\t<\/div>\n\t\t\t\t<div class=\"elementor-element elementor-element-5b3f042 elementor-post-navigation-borders-yes elementor-widget elementor-widget-global elementor-global-10059 elementor-widget-post-navigation\" data-id=\"5b3f042\" data-element_type=\"widget\" data-widget_type=\"post-navigation.default\">\n\t\t\t\t<div class=\"elementor-widget-container\">\n\t\t\t\t\t\t\t<div class=\"elementor-post-navigation\">\n\t\t\t<div class=\"elementor-post-navigation__prev elementor-post-navigation__link\">\n\t\t\t\t<a href=\"https:\/\/www.wordans.com\/blog\/nl\/moet-kleden-voor-pride\/\" rel=\"prev\"><span class=\"post-navigation__arrow-wrapper post-navigation__arrow-prev\"><i class=\"fa fa-angle-left\" aria-hidden=\"true\"><\/i><span class=\"elementor-screen-only\">Prev<\/span><\/span><span class=\"elementor-post-navigation__link__prev\"><span class=\"post-navigation__prev--label\">Previous<\/span><span class=\"post-navigation__prev--title\">Hoe je je kunt kleden voor Pride<\/span><\/span><\/a>\t\t\t<\/div>\n\t\t\t\t\t\t\t<div class=\"elementor-post-navigation__separator-wrapper\">\n\t\t\t\t\t<div class=\"elementor-post-navigation__separator\"><\/div>\n\t\t\t\t<\/div>\n\t\t\t\t\t\t<div class=\"elementor-post-navigation__next elementor-post-navigation__link\">\n\t\t\t\t<a href=\"https:\/\/www.wordans.com\/blog\/pt\/como-vestir-para-orgulho\/\" rel=\"next\"><span class=\"elementor-post-navigation__link__next\"><span class=\"post-navigation__next--label\">Next<\/span><span class=\"post-navigation__next--title\">Como se Vestir para o Orgulho<\/span><\/span><span class=\"post-navigation__arrow-wrapper post-navigation__arrow-next\"><i class=\"fa fa-angle-right\" aria-hidden=\"true\"><\/i><span class=\"elementor-screen-only\">Next<\/span><\/span><\/a>\t\t\t<\/div>\n\t\t<\/div>\n\t\t\t\t\t\t<\/div>\n\t\t\t\t<\/div>\n\t\t\t\t\t<\/div>\n\t\t<\/div>\n\t\t\t\t\t<\/div>\n\t\t<\/section>\n\t\t\t\t<\/div>\n\t\t","protected":false},"excerpt":{"rendered":"<p>St\u00e4dte auf der ganzen Welt bereiten sich auf eine der lebhaftesten und farbenfrohsten Feierlichkeiten des Jahres vor: den Pride. Europ\u00e4ische L\u00e4nder wie Deutschland, Spanien und das Vereinigte K\u00f6nigreich haben St\u00e4dte, die im Juni feiern, ebenso wie Australien, Brasilien und die Vereinigten Staaten, wo alles begann. \u00a0 Die ersten Pride-M\u00e4rsche fanden ein Jahr nach den Stonewall-Unruhen [&hellip;]<\/p>\n","protected":false},"author":1,"featured_media":5452,"comment_status":"closed","ping_status":"closed","sticky":false,"template":"","format":"standard","meta":{"footnotes":""},"categories":[671],"tags":[],"class_list":["post-5720","post","type-post","status-publish","format-standard","has-post-thumbnail","hentry","category-mode-de"],"_links":{"self":[{"href":"https:\/\/www.wordans.com\/blog\/wp-json\/wp\/v2\/posts\/5720","targetHints":{"allow":["GET"]}}],"collection":[{"href":"https:\/\/www.wordans.com\/blog\/wp-json\/wp\/v2\/posts"}],"about":[{"href":"https:\/\/www.wordans.com\/blog\/wp-json\/wp\/v2\/types\/post"}],"author":[{"embeddable":true,"href":"https:\/\/www.wordans.com\/blog\/wp-json\/wp\/v2\/users\/1"}],"replies":[{"embeddable":true,"href":"https:\/\/www.wordans.com\/blog\/wp-json\/wp\/v2\/comments?post=5720"}],"version-history":[{"count":14,"href":"https:\/\/www.wordans.com\/blog\/wp-json\/wp\/v2\/posts\/5720\/revisions"}],"predecessor-version":[{"id":10104,"href":"https:\/\/www.wordans.com\/blog\/wp-json\/wp\/v2\/posts\/5720\/revisions\/10104"}],"wp:featuredmedia":[{"embeddable":true,"href":"https:\/\/www.wordans.com\/blog\/wp-json\/wp\/v2\/media\/5452"}],"wp:attachment":[{"href":"https:\/\/www.wordans.com\/blog\/wp-json\/wp\/v2\/media?parent=5720"}],"wp:term":[{"taxonomy":"category","embeddable":true,"href":"https:\/\/www.wordans.com\/blog\/wp-json\/wp\/v2\/categories?post=5720"},{"taxonomy":"post_tag","embeddable":true,"href":"https:\/\/www.wordans.com\/blog\/wp-json\/wp\/v2\/tags?post=5720"}],"curies":[{"name":"wp","href":"https:\/\/api.w.org\/{rel}","templated":true}]}}